{"id":3312,"date":"2020-10-20T10:07:08","date_gmt":"2020-10-20T10:07:08","guid":{"rendered":"https:\/\/enikon.com\/?p=3312"},"modified":"2022-11-20T00:47:58","modified_gmt":"2022-11-20T00:47:58","slug":"etat-davancement-des-travaux-du-projet-aurifere-de-yaoure-en-cote-divoire","status":"publish","type":"post","link":"https:\/\/enikon.com\/fr\/actualites\/etat-davancement-des-travaux-du-projet-aurifere-de-yaoure-en-cote-divoire\/","title":{"rendered":"\u00c9tat d&rsquo;avancement des travaux du projet aurif\u00e8re de Yaour\u00e9 en C\u00f4te d&rsquo;Ivoire."},"content":{"rendered":"<p>La pand\u00e9mie de COVID &#8211; 19 a caus\u00e9 de nombreuses difficult\u00e9s lors de l&rsquo;ex\u00e9cution du projet Yaour\u00e9 Gold en C\u00f4te d&rsquo;Ivoire, mais gr\u00e2ce \u00e0 des efforts suppl\u00e9mentaires, ENIKON a r\u00e9ussi \u00e0 entrer dans la phase finale de l&rsquo;ex\u00e9cution du projet. Ce projet sera achev\u00e9 dans les d\u00e9lais contractuels initiaux \u00e0 la plus grande satisfaction du propri\u00e9taire de la mine. La premi\u00e8re coul\u00e9e d&rsquo;or est pr\u00e9vue pour d\u00e9cembre 2020.<\/p>\n","protected":false},"excerpt":{"rendered":"<p>La pand\u00e9mie de COVID &#8211; 19 a caus\u00e9 de nombreuses difficult\u00e9s lors de l&rsquo;ex\u00e9cution du projet Yaour\u00e9 Gold en C\u00f4te d&rsquo;Ivoire, mais gr\u00e2ce \u00e0 des efforts suppl\u00e9mentaires, ENIKON a r\u00e9ussi \u00e0 entrer dans la phase finale de l&rsquo;ex\u00e9cution du projet. Ce projet sera achev\u00e9 dans les d\u00e9lais contractuels initiaux \u00e0 la plus grande satisfaction du [&hellip;]<\/p>\n","protected":false},"author":2,"featured_media":3307,"comment_status":"closed","ping_status":"closed","sticky":false,"template":"","format":"standard","meta":{"footnotes":""},"categories":[33],"tags":[],"class_list":["post-3312","post","type-post","status-publish","format-standard","has-post-thumbnail","hentry","category-actualites"],"_links":{"self":[{"href":"https:\/\/enikon.com\/fr\/wp-json\/wp\/v2\/posts\/3312","targetHints":{"allow":["GET"]}}],"collection":[{"href":"https:\/\/enikon.com\/fr\/wp-json\/wp\/v2\/posts"}],"about":[{"href":"https:\/\/enikon.com\/fr\/wp-json\/wp\/v2\/types\/post"}],"author":[{"embeddable":true,"href":"https:\/\/enikon.com\/fr\/wp-json\/wp\/v2\/users\/2"}],"replies":[{"embeddable":true,"href":"https:\/\/enikon.com\/fr\/wp-json\/wp\/v2\/comments?post=3312"}],"version-history":[{"count":1,"href":"https:\/\/enikon.com\/fr\/wp-json\/wp\/v2\/posts\/3312\/revisions"}],"predecessor-version":[{"id":3314,"href":"https:\/\/enikon.com\/fr\/wp-json\/wp\/v2\/posts\/3312\/revisions\/3314"}],"wp:featuredmedia":[{"embeddable":true,"href":"https:\/\/enikon.com\/fr\/wp-json\/wp\/v2\/media\/3307"}],"wp:attachment":[{"href":"https:\/\/enikon.com\/fr\/wp-json\/wp\/v2\/media?parent=3312"}],"wp:term":[{"taxonomy":"category","embeddable":true,"href":"https:\/\/enikon.com\/fr\/wp-json\/wp\/v2\/categories?post=3312"},{"taxonomy":"post_tag","embeddable":true,"href":"https:\/\/enikon.com\/fr\/wp-json\/wp\/v2\/tags?post=3312"}],"curies":[{"name":"wp","href":"https:\/\/api.w.org\/{rel}","templated":true}]}}