{"id":3213,"date":"2019-07-22T11:56:46","date_gmt":"2019-07-22T11:56:46","guid":{"rendered":"https:\/\/enikon.com\/?p=3213"},"modified":"2019-08-23T18:08:51","modified_gmt":"2019-08-23T18:08:51","slug":"enikon-signe-un-contrat-avec-somisa-s-a","status":"publish","type":"post","link":"https:\/\/enikon.com\/fr\/actualites\/enikon-signe-un-contrat-avec-somisa-s-a\/","title":{"rendered":"Enikon signe un contrat avec SOMISA S.A"},"content":{"rendered":"<p>Enikon a sign\u00e9 un contrat avec SOMISA S.A. pour des travaux m\u00e9caniques sur le paquet complet SMP du projet aurif\u00e8re Sanbrado au Burkina Faso. Outre les travaux habituels sur le projet Sanbrado, notre nouvelle grue Liebherr LR 1300 sera utilis\u00e9e pour soulever les poids lourds. Les travaux devraient d\u00e9buter en ao\u00fbt 2019 pour prendre fin en avril 2020.<\/p>\n","protected":false},"excerpt":{"rendered":"<p>Enikon a sign\u00e9 un contrat avec SOMISA S.A. pour des travaux m\u00e9caniques sur le paquet complet SMP du projet aurif\u00e8re Sanbrado au Burkina Faso. Outre les travaux habituels sur le projet Sanbrado, notre nouvelle grue Liebherr LR 1300 sera utilis\u00e9e pour soulever les poids lourds. Les travaux devraient d\u00e9buter en ao\u00fbt 2019 pour prendre fin [&hellip;]<\/p>\n","protected":false},"author":2,"featured_media":3205,"comment_status":"closed","ping_status":"closed","sticky":false,"template":"","format":"standard","meta":{"footnotes":""},"categories":[33],"tags":[],"class_list":["post-3213","post","type-post","status-publish","format-standard","has-post-thumbnail","hentry","category-actualites"],"_links":{"self":[{"href":"https:\/\/enikon.com\/fr\/wp-json\/wp\/v2\/posts\/3213","targetHints":{"allow":["GET"]}}],"collection":[{"href":"https:\/\/enikon.com\/fr\/wp-json\/wp\/v2\/posts"}],"about":[{"href":"https:\/\/enikon.com\/fr\/wp-json\/wp\/v2\/types\/post"}],"author":[{"embeddable":true,"href":"https:\/\/enikon.com\/fr\/wp-json\/wp\/v2\/users\/2"}],"replies":[{"embeddable":true,"href":"https:\/\/enikon.com\/fr\/wp-json\/wp\/v2\/comments?post=3213"}],"version-history":[{"count":1,"href":"https:\/\/enikon.com\/fr\/wp-json\/wp\/v2\/posts\/3213\/revisions"}],"predecessor-version":[{"id":3215,"href":"https:\/\/enikon.com\/fr\/wp-json\/wp\/v2\/posts\/3213\/revisions\/3215"}],"wp:featuredmedia":[{"embeddable":true,"href":"https:\/\/enikon.com\/fr\/wp-json\/wp\/v2\/media\/3205"}],"wp:attachment":[{"href":"https:\/\/enikon.com\/fr\/wp-json\/wp\/v2\/media?parent=3213"}],"wp:term":[{"taxonomy":"category","embeddable":true,"href":"https:\/\/enikon.com\/fr\/wp-json\/wp\/v2\/categories?post=3213"},{"taxonomy":"post_tag","embeddable":true,"href":"https:\/\/enikon.com\/fr\/wp-json\/wp\/v2\/tags?post=3213"}],"curies":[{"name":"wp","href":"https:\/\/api.w.org\/{rel}","templated":true}]}}