{"id":3180,"date":"2019-03-18T07:47:03","date_gmt":"2019-03-18T07:47:03","guid":{"rendered":"https:\/\/enikon.com\/?p=3180"},"modified":"2022-11-20T00:47:58","modified_gmt":"2022-11-20T00:47:58","slug":"travaux-termines-sur-le-projet-ity-cil-cote-divoire","status":"publish","type":"post","link":"https:\/\/enikon.com\/fr\/actualites\/travaux-termines-sur-le-projet-ity-cil-cote-divoire\/","title":{"rendered":"Travaux termin\u00e9s sur le projet Ity CIL, C\u00f4te d&rsquo;Ivoire"},"content":{"rendered":"<p>Enikon a achev\u00e9 avec succ\u00e8s les travaux de construction de l\u2019usine de production aurif\u00e8re des mines d\u2019Ity en C\u00f4te d\u2019Ivoire, pour le compte d&rsquo;Endeavour Mining. Aujourd&rsquo;hui, la production d&rsquo;or a commenc\u00e9 et les premiers lingots d&rsquo;or ont \u00e9t\u00e9 lanc\u00e9s. Les travaux ont \u00e9t\u00e9 r\u00e9alis\u00e9s avant la date limite \u00e0 l&rsquo;enti\u00e8re satisfaction du client.<\/p>\n","protected":false},"excerpt":{"rendered":"<p>Enikon a achev\u00e9 avec succ\u00e8s les travaux de construction de l\u2019usine de production aurif\u00e8re des mines d\u2019Ity en C\u00f4te d\u2019Ivoire, pour le compte d&rsquo;Endeavour Mining. Aujourd&rsquo;hui, la production d&rsquo;or a commenc\u00e9 et les premiers lingots d&rsquo;or ont \u00e9t\u00e9 lanc\u00e9s. Les travaux ont \u00e9t\u00e9 r\u00e9alis\u00e9s avant la date limite \u00e0 l&rsquo;enti\u00e8re satisfaction du client.<\/p>\n","protected":false},"author":2,"featured_media":3154,"comment_status":"closed","ping_status":"closed","sticky":false,"template":"","format":"standard","meta":{"footnotes":""},"categories":[33],"tags":[],"class_list":["post-3180","post","type-post","status-publish","format-standard","has-post-thumbnail","hentry","category-actualites"],"_links":{"self":[{"href":"https:\/\/enikon.com\/fr\/wp-json\/wp\/v2\/posts\/3180","targetHints":{"allow":["GET"]}}],"collection":[{"href":"https:\/\/enikon.com\/fr\/wp-json\/wp\/v2\/posts"}],"about":[{"href":"https:\/\/enikon.com\/fr\/wp-json\/wp\/v2\/types\/post"}],"author":[{"embeddable":true,"href":"https:\/\/enikon.com\/fr\/wp-json\/wp\/v2\/users\/2"}],"replies":[{"embeddable":true,"href":"https:\/\/enikon.com\/fr\/wp-json\/wp\/v2\/comments?post=3180"}],"version-history":[{"count":1,"href":"https:\/\/enikon.com\/fr\/wp-json\/wp\/v2\/posts\/3180\/revisions"}],"predecessor-version":[{"id":3182,"href":"https:\/\/enikon.com\/fr\/wp-json\/wp\/v2\/posts\/3180\/revisions\/3182"}],"wp:featuredmedia":[{"embeddable":true,"href":"https:\/\/enikon.com\/fr\/wp-json\/wp\/v2\/media\/3154"}],"wp:attachment":[{"href":"https:\/\/enikon.com\/fr\/wp-json\/wp\/v2\/media?parent=3180"}],"wp:term":[{"taxonomy":"category","embeddable":true,"href":"https:\/\/enikon.com\/fr\/wp-json\/wp\/v2\/categories?post=3180"},{"taxonomy":"post_tag","embeddable":true,"href":"https:\/\/enikon.com\/fr\/wp-json\/wp\/v2\/tags?post=3180"}],"curies":[{"name":"wp","href":"https:\/\/api.w.org\/{rel}","templated":true}]}}