{"id":3100,"date":"2018-02-12T11:31:52","date_gmt":"2018-02-12T11:31:52","guid":{"rendered":"https:\/\/enikon.com\/?p=3100"},"modified":"2022-11-20T00:47:58","modified_gmt":"2022-11-20T00:47:58","slug":"enikon-a-signe-un-contrat-avec-la-societe-des-mines-dity-sa","status":"publish","type":"post","link":"https:\/\/enikon.com\/fr\/actualites\/enikon-a-signe-un-contrat-avec-la-societe-des-mines-dity-sa\/","title":{"rendered":"Enikon a sign\u00e9 un contrat avec la Soci\u00e9t\u00e9 des Mines d&rsquo;Ity SA"},"content":{"rendered":"<p>Enikon a sign\u00e9 un contrat avec la Soci\u00e9t\u00e9 des Mines d&rsquo;Ity SA pour des travaux m\u00e9caniques sur des r\u00e9servoirs boulonn\u00e9s et des charpentes m\u00e9talliques sur le projet d&rsquo;extension de la mine d&rsquo;or Ity CIL en C\u00f4te d&rsquo;Ivoire. L&rsquo;ach\u00e8vement des travaux est pr\u00e9vu pour la mi-janvier 2019.<\/p>\n","protected":false},"excerpt":{"rendered":"<p>Enikon a sign\u00e9 un contrat avec la Soci\u00e9t\u00e9 des Mines d&rsquo;Ity SA pour des travaux m\u00e9caniques sur des r\u00e9servoirs boulonn\u00e9s et des charpentes m\u00e9talliques sur le projet d&rsquo;extension de la mine d&rsquo;or Ity CIL en C\u00f4te d&rsquo;Ivoire. L&rsquo;ach\u00e8vement des travaux est pr\u00e9vu pour la mi-janvier 2019.<\/p>\n","protected":false},"author":2,"featured_media":911,"comment_status":"closed","ping_status":"closed","sticky":false,"template":"","format":"standard","meta":{"footnotes":""},"categories":[33],"tags":[],"class_list":["post-3100","post","type-post","status-publish","format-standard","has-post-thumbnail","hentry","category-actualites"],"_links":{"self":[{"href":"https:\/\/enikon.com\/fr\/wp-json\/wp\/v2\/posts\/3100","targetHints":{"allow":["GET"]}}],"collection":[{"href":"https:\/\/enikon.com\/fr\/wp-json\/wp\/v2\/posts"}],"about":[{"href":"https:\/\/enikon.com\/fr\/wp-json\/wp\/v2\/types\/post"}],"author":[{"embeddable":true,"href":"https:\/\/enikon.com\/fr\/wp-json\/wp\/v2\/users\/2"}],"replies":[{"embeddable":true,"href":"https:\/\/enikon.com\/fr\/wp-json\/wp\/v2\/comments?post=3100"}],"version-history":[{"count":1,"href":"https:\/\/enikon.com\/fr\/wp-json\/wp\/v2\/posts\/3100\/revisions"}],"predecessor-version":[{"id":3102,"href":"https:\/\/enikon.com\/fr\/wp-json\/wp\/v2\/posts\/3100\/revisions\/3102"}],"wp:featuredmedia":[{"embeddable":true,"href":"https:\/\/enikon.com\/fr\/wp-json\/wp\/v2\/media\/911"}],"wp:attachment":[{"href":"https:\/\/enikon.com\/fr\/wp-json\/wp\/v2\/media?parent=3100"}],"wp:term":[{"taxonomy":"category","embeddable":true,"href":"https:\/\/enikon.com\/fr\/wp-json\/wp\/v2\/categories?post=3100"},{"taxonomy":"post_tag","embeddable":true,"href":"https:\/\/enikon.com\/fr\/wp-json\/wp\/v2\/tags?post=3100"}],"curies":[{"name":"wp","href":"https:\/\/api.w.org\/{rel}","templated":true}]}}